{"id":4128,"date":"2023-02-03T20:05:10","date_gmt":"2023-02-03T19:05:10","guid":{"rendered":"https:\/\/inkubator.uksw.edu.pl\/?p=4128"},"modified":"2023-02-03T20:05:11","modified_gmt":"2023-02-03T19:05:11","slug":"akademia-liderow-biznesu-uksw-rekrutacja-trwa","status":"publish","type":"post","link":"https:\/\/inkubator.uksw.edu.pl\/2023\/02\/03\/akademia-liderow-biznesu-uksw-rekrutacja-trwa\/","title":{"rendered":"Akademia Lider\u00f3w Biznesu UKSW &#8211; Rekrutacja trwa!"},"content":{"rendered":"\n<p>8 godzin praktycznych szkole\u0144 + 2 godziny indywidualnych konsultacji z naszymi doradcami zawodowymi!<\/p>\n\n\n\n<p><img decoding=\"async\" alt=\"\ud83e\udde8\" src=\"https:\/\/static.xx.fbcdn.net\/images\/emoji.php\/v9\/t23\/2\/16\/1f9e8.png\" width=\"16\" height=\"16\"> To wszystko w Akademii Lider\u00f3w Biznesu, kt\u00f3ra rusza w Akademickim Inkubatorze Przedsi\u0119biorczo\u015bci UKSW ju\u017c w semestrze letnim 2023!<\/p>\n\n\n\n<p><img decoding=\"async\" alt=\"\ud83d\uddd3\" src=\"https:\/\/static.xx.fbcdn.net\/images\/emoji.php\/v9\/tfb\/2\/16\/1f5d3.png\" width=\"16\" height=\"16\">Poznaj program Akademii Lider\u00f3w Biznesu:<\/p>\n\n\n\n<p><a><\/a>MARZEC:<\/p>\n\n\n\n<p><img decoding=\"async\" alt=\"\ud83e\udd1c\" src=\"https:\/\/static.xx.fbcdn.net\/images\/emoji.php\/v9\/t82\/2\/16\/1f91c.png\" width=\"16\" height=\"16\">Jak wiara we Wr\u00f3\u017ck\u0119 Z\u0119buszk\u0119 mo\u017ce pom\u00f3c rozwin\u0105\u0107 kluczow\u0105 kompetencj\u0119 przysz\u0142o\u015bci? Szkolenie poprowadzi Agnieszka Jab\u0142o\u0144ska &#8211; doradca zawodowy UKSW (online)<\/p>\n\n\n\n<p>KWIECIE\u0143:<\/p>\n\n\n\n<p><img decoding=\"async\" alt=\"\ud83e\udd1c\" src=\"https:\/\/static.xx.fbcdn.net\/images\/emoji.php\/v9\/t82\/2\/16\/1f91c.png\" width=\"16\" height=\"16\">Skazany na sukces, czyli jak u\u015bwiadomi\u0107 sobie wewn\u0119trzny potencja\u0142, kt\u00f3ry pomo\u017ce w zaplanowaniu dalszej kariery? Szkolenie poprowadzi Magdalena Sobolewska &#8211; doradca zawodowy UKSW (online)<\/p>\n\n\n\n<p><img decoding=\"async\" alt=\"\ud83e\udd1c\" src=\"https:\/\/static.xx.fbcdn.net\/images\/emoji.php\/v9\/t82\/2\/16\/1f91c.png\" width=\"16\" height=\"16\">Jak perfekcyjnie zaplanowa\u0107 firm\u0119 i sk\u0105d czerpa\u0107 pomys\u0142y? Szkolenie poprowadzi dr hab. Mariusz Szyrski, prof. ucz., Dyrektor AIP UKSW (online)<\/p>\n\n\n\n<p>MAJ:<\/p>\n\n\n\n<p><img decoding=\"async\" alt=\"\ud83e\udd1c\" src=\"https:\/\/static.xx.fbcdn.net\/images\/emoji.php\/v9\/t82\/2\/16\/1f91c.png\" width=\"16\" height=\"16\">Jak dobrze si\u0119 zaprezentowa\u0107 w biznesie? Wyst\u0105pienia publiczne i mowa cia\u0142a. (spotkanie stacjonarne). Szkolenie poprowadzi dr hab. Mariusz Szyrski, prof. ucz., Dyrektor AIP UKSW<\/p>\n\n\n\n<p>+ jako bonus: 2 godziny konsultacji z wybranym doradc\u0105 zawodowym<\/p>\n\n\n\n<p><img decoding=\"async\" alt=\"\ud83e\udde8\" src=\"https:\/\/static.xx.fbcdn.net\/images\/emoji.php\/v9\/t23\/2\/16\/1f9e8.png\" width=\"16\" height=\"16\">Jak dosta\u0107 si\u0119 do Akademii Lider\u00f3w Biznesu??<img decoding=\"async\" alt=\"\ud83e\udde8\" src=\"https:\/\/static.xx.fbcdn.net\/images\/emoji.php\/v9\/t23\/2\/16\/1f9e8.png\" width=\"16\" height=\"16\"><\/p>\n\n\n\n<p>Napisz maila na adres: inkubator@uksw.edu.pl i w 4 zdaniach napisz, dlaczego chcia\u0142by\u015b\/chcia\u0142aby\u015b wzi\u0105\u0107 udzia\u0142 w naszym programie. Uwaga! Ilo\u015b\u0107 miejsc w Akademii jest ograniczona!<\/p>\n\n\n\n<p>Zg\u0142oszenia drog\u0105 mailow\u0105 przyjmujemy TYLKO do 21 lutego 2023.<\/p>\n\n\n\n<p>Ka\u017cdy uczestnik Akademii otrzyma certyfikat uko\u0144czenia (nale\u017cy wzi\u0105\u0107 udzia\u0142 w co najmniej 3 warsztatach).<\/p>\n\n\n\n<p>Zapraszamy!<\/p>\n","protected":false},"excerpt":{"rendered":"<p>8 godzin praktycznych szkole\u0144 + 2 godziny indywidualnych konsultacji z naszymi doradcami zawodowymi! To wszystko w Akademii Lider\u00f3w Biznesu, kt\u00f3ra rusza w Akademickim Inkubatorze Przedsi\u0119biorczo\u015bci UKSW ju\u017c w semestrze letnim 2023! Poznaj program Akademii Lider\u00f3w Biznesu: MARZEC: Jak wiara we Wr\u00f3\u017ck\u0119 Z\u0119buszk\u0119 mo\u017ce pom\u00f3c rozwin\u0105\u0107 kluczow\u0105 kompetencj\u0119 przysz\u0142o\u015bci? Szkolenie poprowadzi Agnieszka Jab\u0142o\u0144ska &#8211; doradca zawodowy [&hellip;]<\/p>\n","protected":false},"author":40,"featured_media":4129,"comment_status":"open","ping_status":"open","sticky":false,"template":"","format":"standard","meta":{"_acf_changed":false,"inline_featured_image":false,"footnotes":"","_links_to":"","_links_to_target":""},"categories":[1],"tags":[],"class_list":["post-4128","post","type-post","status-publish","format-standard","has-post-thumbnail","hentry","category-aktualnosci"],"acf":[],"_links":{"self":[{"href":"https:\/\/inkubator.uksw.edu.pl\/pl\/wp-json\/wp\/v2\/posts\/4128","targetHints":{"allow":["GET"]}}],"collection":[{"href":"https:\/\/inkubator.uksw.edu.pl\/pl\/wp-json\/wp\/v2\/posts"}],"about":[{"href":"https:\/\/inkubator.uksw.edu.pl\/pl\/wp-json\/wp\/v2\/types\/post"}],"author":[{"embeddable":true,"href":"https:\/\/inkubator.uksw.edu.pl\/pl\/wp-json\/wp\/v2\/users\/40"}],"replies":[{"embeddable":true,"href":"https:\/\/inkubator.uksw.edu.pl\/pl\/wp-json\/wp\/v2\/comments?post=4128"}],"version-history":[{"count":3,"href":"https:\/\/inkubator.uksw.edu.pl\/pl\/wp-json\/wp\/v2\/posts\/4128\/revisions"}],"predecessor-version":[{"id":4132,"href":"https:\/\/inkubator.uksw.edu.pl\/pl\/wp-json\/wp\/v2\/posts\/4128\/revisions\/4132"}],"wp:featuredmedia":[{"embeddable":true,"href":"https:\/\/inkubator.uksw.edu.pl\/pl\/wp-json\/wp\/v2\/media\/4129"}],"wp:attachment":[{"href":"https:\/\/inkubator.uksw.edu.pl\/pl\/wp-json\/wp\/v2\/media?parent=4128"}],"wp:term":[{"taxonomy":"category","embeddable":true,"href":"https:\/\/inkubator.uksw.edu.pl\/pl\/wp-json\/wp\/v2\/categories?post=4128"},{"taxonomy":"post_tag","embeddable":true,"href":"https:\/\/inkubator.uksw.edu.pl\/pl\/wp-json\/wp\/v2\/tags?post=4128"}],"curies":[{"name":"wp","href":"https:\/\/api.w.org\/{rel}","templated":true}]}}