{"id":4156,"date":"2023-05-14T10:10:41","date_gmt":"2023-05-14T08:10:41","guid":{"rendered":"https:\/\/inkubator.uksw.edu.pl\/?p=4156"},"modified":"2023-05-17T15:18:37","modified_gmt":"2023-05-17T13:18:37","slug":"przestrzen-rozwoju","status":"publish","type":"post","link":"https:\/\/inkubator.uksw.edu.pl\/2023\/05\/14\/przestrzen-rozwoju\/","title":{"rendered":"Przestrze\u0144 rozwoju"},"content":{"rendered":"\n<p>Ju\u017c 23 maja zapraszamy do Przestrzeni Rozwoju na UKSW! <\/p>\n\n\n\n<p><a href=\"https:\/\/forms.office.com\/e\/dtyy7ygENK\" target=\"_blank\" rel=\"noreferrer noopener\">ZAPISY!<\/a><\/p>\n\n\n\n<p><br>Uniwersytet to&nbsp;nie&nbsp;tylko&nbsp;nauka. To&nbsp;tak\u017ce rozw\u00f3j kompetencji indywidualnych i&nbsp;spo\u0142ecznych oraz&nbsp;mo\u017cliwo\u015b\u0107 zebrania do\u015bwiadcze\u0144, kt\u00f3re wzbogac\u0105 nasze przysz\u0142e zawodowe \u017cycie.<\/p>\n\n\n\n<p>Chcesz w&nbsp;pe\u0142ni wykorzysta\u0107 czas studi\u00f3w? Przyjd\u017a do&nbsp;<strong>Przestrzeni Rozwoju<\/strong>.<br><strong>Przestrze\u0144 Rozwoju<\/strong> to&nbsp;miejsce, w&nbsp;kt\u00f3rym&nbsp;dowiesz si\u0119 jak wykorzysta\u0107 sw\u00f3j potencja\u0142 w&nbsp;trakcie studi\u00f3w, poznasz mo\u017cliwo\u015bci jakie oferuje Ci&nbsp;Uniwersytet, spotkasz wielu inspiruj\u0105cych ludzi.<\/p>\n\n\n\n<p>Ka\u017cdy kto przyjdzie do&nbsp;<strong>Przestrzeni Rozwoju<\/strong> mo\u017ce wzi\u0105\u0107 udzia\u0142 w&nbsp;losowaniu bonu o&nbsp;warto\u015bci 250 z\u0142.<\/p>\n\n\n\n<p>Zapraszamy na&nbsp;przestrze\u0144 g\u0142\u00f3wn\u0105 na&nbsp;holu III pi\u0119tra w&nbsp;bud. 21 gdzie w&nbsp;trakcie ca\u0142ego wydarzenia b\u0119d\u0105 czekali przedstawiciele organizacji studenckich oraz&nbsp;go\u015bcie zewn\u0119trzni.<br><strong>10:00 <\/strong>Rozpocz\u0119cie wydarzenia i&nbsp;przywitanie Go\u015bci&nbsp;<br><strong>11:20-11:30<\/strong> Wywiad z&nbsp;olimpijczykiem \u2013 Dariuszem Kowalukiem\u202f&nbsp;<br><strong>13:00-13:15 <\/strong>Uroczyste rozdanie dyplom\u00f3w Akademii Lider\u00f3w Biznesu UKSW\u202f&nbsp;<br><strong>15:20 <\/strong>Zako\u0144czenie wydarzenia i&nbsp;losowanie nagr\u00f3d.<\/p>\n\n\n\n<p><strong>Przestrze\u0144 Rozwoju<\/strong> to&nbsp;tak\u017ce warto\u015bciowe warsztaty, na&nbsp;kt\u00f3re mo\u017cna zapisa\u0107 si\u0119 <strong><a href=\"https:\/\/forms.office.com\/e\/aUyPhSsFKy\">tutaj<\/a><\/strong><br>Spiesz si\u0119 aby zarejestrowa\u0107 si\u0119 na&nbsp;wybrane warsztaty, poniewa\u017c liczba miejsc jest ograniczona.<\/p>\n\n\n\n<p>PROGRAM WARSZTAT\u00d3W<\/p>\n\n\n\n<p>SALA A&nbsp;\u2013 321 bud. 21 W\u00f3ycickiego<br>10:15-11:15 <strong>Micha\u0142 Raube<\/strong> Co&nbsp;wsp\u00f3lnego ma&nbsp;ze&nbsp;sob\u0105 czytanie lektur w&nbsp;szkole z&nbsp;poszukiwaniem pracy?<br>11:40-12:40 <strong>Wiktoria Kowalska<\/strong> Porozumienie bez&nbsp;przemocy. O&nbsp;sztuce komunikacji.<br>13:15-14:15 <strong>Maciej Ciechomski<\/strong> Emocje, kt\u00f3re wspieraj\u0105, czyli jak zadba\u0107 o&nbsp;siebie.<br>14:15-15:15 <strong>Agnieszka Jab\u0142o\u0144ska<\/strong> Pierwsze wra\u017cenie robi si\u0119 tylko&nbsp;raz \u2013 rozmowa kwalifikacyjna.<\/p>\n\n\n\n<p>SALA B&nbsp;\u2013 312a bud. 21 W\u00f3ycickiego<br>10:15-11:15 <strong>Micha\u0142 Rutkowski<\/strong> J\u0119zyk obcy? No&nbsp;problem! Skuteczna i&nbsp;szybka nauka j\u0119zyk\u00f3w obcych.<br>11:40-12:40 <strong>Monika Bobrowicz<\/strong> Jak rozpoznawa\u0107 swoje mocne strony w&nbsp;pierwszym okresie zawodowym?<br>13:15-14:15 <strong>Katarzyna Miko\u0142ajczyk<\/strong> Efektywna wsp\u00f3\u0142praca, czyli wykorzystanie potencja\u0142u grupy na&nbsp;przyk\u0142adzie gry symulacyjnej.<br>14:15-15.15 <strong>Marta Jankowska<\/strong> Moc wizualizacji: jak tworzy\u0107 obrazy swojego sukcesu i&nbsp;przek\u0142ada\u0107 je&nbsp;na&nbsp;rzeczywisto\u015b\u0107.<\/p>\n\n\n\n<p><a rel=\"noreferrer noopener\" href=\"https:\/\/forms.office.com\/e\/dtyy7ygENK\" target=\"_blank\">ZAPISY!<\/a><\/p>\n\n\n\n<p><\/p>\n\n\n\n<p>Wi\u0119cej informacji znajdziesz na&nbsp;<a href=\"https:\/\/fb.me\/e\/QJXMRtRo\" target=\"_blank\" rel=\"noreferrer noopener\">FB<\/a> oraz&nbsp;w&nbsp;<a href=\"https:\/\/cws.uksw.edu.pl\/wp-content\/uploads\/sites\/18\/2023\/05\/Regulamin.pdf\" target=\"_blank\" rel=\"noreferrer noopener\">regulaminie<\/a>.<\/p>\n","protected":false},"excerpt":{"rendered":"<p>Ju\u017c 23 maja zapraszamy do Przestrzeni Rozwoju na UKSW! ZAPISY! Uniwersytet to&nbsp;nie&nbsp;tylko&nbsp;nauka. To&nbsp;tak\u017ce rozw\u00f3j kompetencji indywidualnych i&nbsp;spo\u0142ecznych oraz&nbsp;mo\u017cliwo\u015b\u0107 zebrania do\u015bwiadcze\u0144, kt\u00f3re wzbogac\u0105 nasze przysz\u0142e zawodowe \u017cycie. Chcesz w&nbsp;pe\u0142ni wykorzysta\u0107 czas studi\u00f3w? Przyjd\u017a do&nbsp;Przestrzeni Rozwoju.Przestrze\u0144 Rozwoju to&nbsp;miejsce, w&nbsp;kt\u00f3rym&nbsp;dowiesz si\u0119 jak wykorzysta\u0107 sw\u00f3j potencja\u0142 w&nbsp;trakcie studi\u00f3w, poznasz mo\u017cliwo\u015bci jakie oferuje Ci&nbsp;Uniwersytet, spotkasz wielu inspiruj\u0105cych ludzi. Ka\u017cdy kto [&hellip;]<\/p>\n","protected":false},"author":40,"featured_media":4164,"comment_status":"closed","ping_status":"closed","sticky":false,"template":"","format":"standard","meta":{"_acf_changed":false,"inline_featured_image":false,"footnotes":"","_links_to":"","_links_to_target":""},"categories":[1],"tags":[],"class_list":["post-4156","post","type-post","status-publish","format-standard","has-post-thumbnail","hentry","category-aktualnosci"],"acf":[],"_links":{"self":[{"href":"https:\/\/inkubator.uksw.edu.pl\/pl\/wp-json\/wp\/v2\/posts\/4156","targetHints":{"allow":["GET"]}}],"collection":[{"href":"https:\/\/inkubator.uksw.edu.pl\/pl\/wp-json\/wp\/v2\/posts"}],"about":[{"href":"https:\/\/inkubator.uksw.edu.pl\/pl\/wp-json\/wp\/v2\/types\/post"}],"author":[{"embeddable":true,"href":"https:\/\/inkubator.uksw.edu.pl\/pl\/wp-json\/wp\/v2\/users\/40"}],"replies":[{"embeddable":true,"href":"https:\/\/inkubator.uksw.edu.pl\/pl\/wp-json\/wp\/v2\/comments?post=4156"}],"version-history":[{"count":6,"href":"https:\/\/inkubator.uksw.edu.pl\/pl\/wp-json\/wp\/v2\/posts\/4156\/revisions"}],"predecessor-version":[{"id":4167,"href":"https:\/\/inkubator.uksw.edu.pl\/pl\/wp-json\/wp\/v2\/posts\/4156\/revisions\/4167"}],"wp:featuredmedia":[{"embeddable":true,"href":"https:\/\/inkubator.uksw.edu.pl\/pl\/wp-json\/wp\/v2\/media\/4164"}],"wp:attachment":[{"href":"https:\/\/inkubator.uksw.edu.pl\/pl\/wp-json\/wp\/v2\/media?parent=4156"}],"wp:term":[{"taxonomy":"category","embeddable":true,"href":"https:\/\/inkubator.uksw.edu.pl\/pl\/wp-json\/wp\/v2\/categories?post=4156"},{"taxonomy":"post_tag","embeddable":true,"href":"https:\/\/inkubator.uksw.edu.pl\/pl\/wp-json\/wp\/v2\/tags?post=4156"}],"curies":[{"name":"wp","href":"https:\/\/api.w.org\/{rel}","templated":true}]}}