{"id":4203,"date":"2023-12-04T10:53:54","date_gmt":"2023-12-04T09:53:54","guid":{"rendered":"https:\/\/inkubator.uksw.edu.pl\/?p=4203"},"modified":"2023-12-04T10:53:57","modified_gmt":"2023-12-04T09:53:57","slug":"wywiad-z-pomyslodawca-komiksu-cma","status":"publish","type":"post","link":"https:\/\/inkubator.uksw.edu.pl\/2023\/12\/04\/wywiad-z-pomyslodawca-komiksu-cma\/","title":{"rendered":"Wywiad z pomys\u0142odawc\u0105 KOMIKSU &#8222;\u0106ma&#8221;"},"content":{"rendered":"\n<p>Ju\u017c w najbli\u017cszy pi\u0105tek (8 grudnia) o godz. 19.00 ONLINE zapraszamy na wywiad z Tomaszem Grodeckim, kt\u00f3ry jest pomys\u0142odawc\u0105 i scenarzyst\u0105 komiksu \u201e\u0106ma\u201d nominowanego do Nagrody \u201eNowej Fantastyki\u201d w kategorii Polski Komiks Roku. <\/p>\n\n\n\n<p><a href=\"https:\/\/www.facebook.com\/AIPUKSW\" data-type=\"link\" data-id=\"https:\/\/www.facebook.com\/AIPUKSW\">Szczeg\u00f3\u0142y na FB:<\/a><\/p>\n\n\n\n<figure class=\"wp-block-embed\"><div class=\"wp-block-embed__wrapper\">\nhttps:\/\/www.facebook.com\/AIPUKSW\n<\/div><\/figure>\n","protected":false},"excerpt":{"rendered":"<p>Ju\u017c w najbli\u017cszy pi\u0105tek (8 grudnia) o godz. 19.00 ONLINE zapraszamy na wywiad z Tomaszem Grodeckim, kt\u00f3ry jest pomys\u0142odawc\u0105 i scenarzyst\u0105 komiksu \u201e\u0106ma\u201d nominowanego do Nagrody \u201eNowej Fantastyki\u201d w kategorii Polski Komiks Roku. Szczeg\u00f3\u0142y na FB:<\/p>\n","protected":false},"author":40,"featured_media":4204,"comment_status":"open","ping_status":"open","sticky":false,"template":"","format":"standard","meta":{"_acf_changed":false,"inline_featured_image":false,"footnotes":"","_links_to":"","_links_to_target":""},"categories":[1],"tags":[],"class_list":["post-4203","post","type-post","status-publish","format-standard","has-post-thumbnail","hentry","category-aktualnosci"],"acf":[],"_links":{"self":[{"href":"https:\/\/inkubator.uksw.edu.pl\/pl\/wp-json\/wp\/v2\/posts\/4203","targetHints":{"allow":["GET"]}}],"collection":[{"href":"https:\/\/inkubator.uksw.edu.pl\/pl\/wp-json\/wp\/v2\/posts"}],"about":[{"href":"https:\/\/inkubator.uksw.edu.pl\/pl\/wp-json\/wp\/v2\/types\/post"}],"author":[{"embeddable":true,"href":"https:\/\/inkubator.uksw.edu.pl\/pl\/wp-json\/wp\/v2\/users\/40"}],"replies":[{"embeddable":true,"href":"https:\/\/inkubator.uksw.edu.pl\/pl\/wp-json\/wp\/v2\/comments?post=4203"}],"version-history":[{"count":1,"href":"https:\/\/inkubator.uksw.edu.pl\/pl\/wp-json\/wp\/v2\/posts\/4203\/revisions"}],"predecessor-version":[{"id":4206,"href":"https:\/\/inkubator.uksw.edu.pl\/pl\/wp-json\/wp\/v2\/posts\/4203\/revisions\/4206"}],"wp:featuredmedia":[{"embeddable":true,"href":"https:\/\/inkubator.uksw.edu.pl\/pl\/wp-json\/wp\/v2\/media\/4204"}],"wp:attachment":[{"href":"https:\/\/inkubator.uksw.edu.pl\/pl\/wp-json\/wp\/v2\/media?parent=4203"}],"wp:term":[{"taxonomy":"category","embeddable":true,"href":"https:\/\/inkubator.uksw.edu.pl\/pl\/wp-json\/wp\/v2\/categories?post=4203"},{"taxonomy":"post_tag","embeddable":true,"href":"https:\/\/inkubator.uksw.edu.pl\/pl\/wp-json\/wp\/v2\/tags?post=4203"}],"curies":[{"name":"wp","href":"https:\/\/api.w.org\/{rel}","templated":true}]}}